{"id":1288,"date":"2011-01-22T06:36:44","date_gmt":"2011-01-22T05:36:44","guid":{"rendered":"http:\/\/www.plagosus.net\/blog\/?p=1288"},"modified":"2012-08-18T02:09:04","modified_gmt":"2012-08-18T01:09:04","slug":"novi-mtid-ov-web-sajt-u-beti","status":"publish","type":"post","link":"https:\/\/www.plagosus.net\/blog\/www\/novi-mtid-ov-web-sajt-u-beti\/","title":{"rendered":"Novi MTID-ov web sajt u beti"},"content":{"rendered":"<p style=\"text-align: justify;\">Posle vi\u0161enedeljnog malte ne danono\u0107nog\u00a0rada,\u00a0sino\u0107 smo zavr\u0161ili i pustili u pogon novu <a href=\"http:\/\/www.mtid.gov.rs\/\" target=\"_blank\">beta verziju MTID-ovog sajta<\/a>. Sa jedne strane, sam malo umoran i iscrpljen, a sa druge sam hiperaktivan usled o\u010dekivanja reakcije javnosti na ovaj malo neo\u010dekivano druga\u010diji sajt, posebno ako se uzme u obzir da je u pitanju zvani\u010dni sajt Ministarstva.<\/p>\n<p style=\"text-align: center;\"><a href=\"http:\/\/www.plagosus.net\/blog\/wp-content\/uploads\/2011\/01\/mtid-2011.jpg\"><img loading=\"lazy\" decoding=\"async\" class=\"size-large wp-image-1290 aligncenter\" title=\"MTID beta verzija sajta\" src=\"http:\/\/www.plagosus.net\/blog\/wp-content\/uploads\/2011\/01\/mtid-2011-640x405.jpg\" alt=\"\" width=\"640\" height=\"405\" srcset=\"https:\/\/www.plagosus.net\/blog\/wp-content\/uploads\/2011\/01\/mtid-2011-640x405.jpg 640w, https:\/\/www.plagosus.net\/blog\/wp-content\/uploads\/2011\/01\/mtid-2011-300x190.jpg 300w, https:\/\/www.plagosus.net\/blog\/wp-content\/uploads\/2011\/01\/mtid-2011-768x486.jpg 768w, https:\/\/www.plagosus.net\/blog\/wp-content\/uploads\/2011\/01\/mtid-2011.jpg 1263w\" sizes=\"(max-width: 640px) 100vw, 640px\" \/><\/a><!--more--><\/p>\n<h2>Ideja celog projekta<\/h2>\n<p style=\"text-align: justify;\"><img loading=\"lazy\" decoding=\"async\" class=\"size-medium wp-image-1291 alignright\" style=\"margin: 10px;\" title=\"Stari sajt MTID-a\" src=\"http:\/\/www.plagosus.net\/blog\/wp-content\/uploads\/2011\/01\/mtid-2010-300x190.jpg\" alt=\"\" width=\"210\" height=\"133\" srcset=\"https:\/\/www.plagosus.net\/blog\/wp-content\/uploads\/2011\/01\/mtid-2010-300x190.jpg 300w, https:\/\/www.plagosus.net\/blog\/wp-content\/uploads\/2011\/01\/mtid-2010-768x486.jpg 768w, https:\/\/www.plagosus.net\/blog\/wp-content\/uploads\/2011\/01\/mtid-2010-640x405.jpg 640w, https:\/\/www.plagosus.net\/blog\/wp-content\/uploads\/2011\/01\/mtid-2010.jpg 1263w\" sizes=\"(max-width: 210px) 100vw, 210px\" \/>Kada je, krajem pro\u0161le godine, pokrenuta ideja o kompletnom redizajnu i restruktuiranju celog postoje\u0107eg sajta Ministarstva za telekomunikacije i informacionog dru\u0161tva, znao sam samo da novi sajt mora biti savremen i funkcionalan, a shodno tome i povezan sa dru\u0161tvenim mre\u017eama. Kako bi se pove\u0107ala interakcija sa posetiocima i ostvarila me\u0111usobna komunikacija, bilo je potrebno omogu\u0107iti da se sadr\u017eaj sajta lako distribuira (<em>\u0161eruje<\/em>) na dru\u0161tvene mre\u017ee, kao i da se na vesti i saop\u0161tenja omogu\u0107i (p)ostavljanje komentara. Ministarka <strong><a href=\"http:\/\/www.mtid.gov.rs\/ministarstvo\/organizacija\/ministarka\/\" target=\"_blank\">Jasna Mati\u0107<\/a><\/strong> \u017eelela je da poka\u017ee da sve mo\u017ee i druga\u010dije, pa otuda i moj komentar da je u pitanju jedan <em>druga\u010diji sajt<\/em>.<\/p>\n<h2>Dizajn i vizuelni identitet<\/h2>\n<p style=\"text-align: justify;\">Kako se na kritike sajtova 90% ljudi hvata upravo za <strong>grafiku<\/strong> i ono \u0161to vidi, krenu\u0107u upravo od ovog, u op\u0161tem slu\u010daju najmanje bitnog dela jednog sajta. Iako nisam preveliki fan veselih (da ne ka\u017eem vri\u0161te\u0107ih) boja na web-u, moram priznati da je ova neo\u010dekivana <em><strong>kolor \u0161ema<\/strong><\/em> zaista <strong>prijatna<\/strong> za oko. Nijanse plave, zelene i \u017eute do boje ko\u017ee jasno stavljaju do znanja da je na \u010delu ovog agilnog ministarstva ambiciozna <strong>\u017eena<\/strong> sa puno ideja.<\/p>\n<p style=\"text-align: justify;\">Sajt vizuelno, totalno iska\u010de iz stereotipa jedne dr\u017eavne institucije i nalazi se na tankoj granici izme\u0111u veselog i prijatnog sa jedne i mo\u017eda \u010dak malo i neozbiljnog sa druge strane. Na ovaj po malo rizi\u010dan korak i dizajn koji predstavlja ma\u010d sa dve o\u0161trice, odlu\u010dila se <a href=\"http:\/\/www.pedya.rs\/2010\/09\/21\/prva-ministarka-na-tweetup-u-u-srbiji\/\" target=\"_blank\">Ministarka koja se \u010dekirala i na TweetUp<\/a>-u i kojoj nove tehnologije nisu strane i za to skidam kapu. Kao \u0161to pomenuh, mnogo je bitnije ono \u0161to sajt sadr\u017ei (<em>content is the king<\/em>, je l&#8217;?) od onoga kako izgleda, a za ovaj sajt se mo\u017ee pri\u010dati o svemu osim da nije \u017eiv. U krajnjem slu\u010daju, sve \u00a0je stvar ukusa, pa su tako i prvi utisci na temu dizajna poprili\u010dno podeljeni.<\/p>\n<h2>Ekipa iza&#8230;<\/h2>\n<p style=\"text-align: justify;\">Da cela pri\u010da bude ispra\u0107ena do kraja pobrinula se proverena i dokazana ekipa ljudi sa doma\u0107eg weba. Kako je sajt samo portal za sve ono \u010dime se MTID bavi (a to, po ko zna koji put, nema apsolutno nikakve veze sa prodajom Telekoma, iako tona ljudi potencira na to&#8230;) pripremljeno je puno kako tekstualnog, tako i ostalog multimedijalnog materijala koji \u0107e ispratiti projekte koji se na ovom sajtu prezentuju. Pored <a href=\"http:\/\/www.istokpavlovic.com\/blog\/\"><strong>Istoka\u00a0Pavlovi\u0107a<\/strong><\/a> koji je odradio najve\u0107i posao vezan za grafi\u010dki dizajn i <a href=\"http:\/\/twitter.com\/torbica\" target=\"_blank\"><strong>Zorana Torbice<\/strong><\/a> koji je kao organizator <em>sve organizovao<\/em>, mnogo toga ne bi uspelo da deo ekipe nije bio i <a href=\"http:\/\/rs.linkedin.com\/in\/irecevic\" target=\"_blank\"><strong>Ivan Re\u010devi\u0107<\/strong><\/a> iz <a href=\"http:\/\/www.hugemedia.rs\/\" target=\"_blank\">Huge Media<\/a>, koga glavni posao \u010deka tek sada posle objavljivanja sajta.<\/p>\n<p style=\"text-align: justify;\">Posao glavnog urednika obavlja <a href=\"http:\/\/rs.linkedin.com\/in\/vladimirceric\" target=\"_blank\"><strong>Vladimir Ceri\u0107<\/strong><\/a> (koga verovatno svi zante iz <a href=\"http:\/\/www.live-e.tv\/\" target=\"_blank\">Live-e.TV-a<\/a>), tekstualni sadr\u017eaj priprema <strong><a href=\"http:\/\/www.linkedin.com\/in\/viktormarkovic\" target=\"_blank\">Viktor Markovi\u0107<\/a><\/strong> (koji je svima poznat po tekstovima iz <a href=\"http:\/\/www.plagosus.net\/blog\/www\/novinari-na-visini-radnog-zadatka-njuz-2-novinari-0\/\" target=\"_blank\">Njuz.net<\/a>-a), a muke nam je svojim savetima olak\u0161avao\u00a0<strong><a href=\"http:\/\/www.linkedin.com\/in\/smarkovic\" target=\"_blank\">Sloba Markovi\u0107<\/a><\/strong>. <a title=\"Branko \u0110urkovi\u0107\" href=\"http:\/\/rs.linkedin.com\/in\/brankko\" target=\"_blank\">Moja malenkost<\/a> je njihove \u017eelje, ideje i ostale umotvorine, uz <a href=\"http:\/\/twitter.com\/plagosus\/status\/25320814890979328\" target=\"_blank\">ogromne doze kofeina<\/a>,\u00a0pretvarala u formu koja je \u0161iroj javnosti poznatija pod nazivom <strong>web sajt<\/strong>, a usput re\u0161avam i sva ostala tehni\u010dka pitanja. Sre\u0107om, povremeno nam je pomagao i <a href=\"http:\/\/twitter.com\/fandrejevic\" target=\"_blank\">Filip<\/a> \u0161to je dodtatno ubrzalo posao.<\/p>\n<p style=\"text-align: justify;\"><a href=\"http:\/\/www.plagosus.net\/blog\/wp-content\/uploads\/2011\/01\/mtid-crew.jpg\"><img loading=\"lazy\" decoding=\"async\" class=\"aligncenter size-large wp-image-1293\" title=\"MTID ekipa na delu\" src=\"http:\/\/www.plagosus.net\/blog\/wp-content\/uploads\/2011\/01\/mtid-crew-640x366.jpg\" alt=\"\" width=\"640\" height=\"366\" srcset=\"https:\/\/www.plagosus.net\/blog\/wp-content\/uploads\/2011\/01\/mtid-crew-640x366.jpg 640w, https:\/\/www.plagosus.net\/blog\/wp-content\/uploads\/2011\/01\/mtid-crew-300x172.jpg 300w, https:\/\/www.plagosus.net\/blog\/wp-content\/uploads\/2011\/01\/mtid-crew-768x440.jpg 768w, https:\/\/www.plagosus.net\/blog\/wp-content\/uploads\/2011\/01\/mtid-crew.jpg 1200w\" sizes=\"(max-width: 640px) 100vw, 640px\" \/><\/a><\/p>\n<h2>Primenjene tehnologije<\/h2>\n<p style=\"text-align: justify;\">Za implementaciju sajta, kori\u0161\u0107ene su savremene <strong>WEB 2.0<\/strong> tehnologije, kao i softver <strong>otvorenog koda<\/strong> (ogra\u0111ujem se od dizajnera &#8211; oni imaju ra\u010dunare sa jabukom). CMS u pozadini je, svima poznat i oprobano dobar, <a href=\"http:\/\/wordpress.org\/\" target=\"_blank\"><strong>WordPress<\/strong><\/a>, za koji sam izradio kompletno prilago\u0111enu temu (template) sa puno dodataka pisanih specijalno za ovu priliku. XHTML\/CSS je standardan i bez hackova, a za animacije \u00a0je iskori\u0161\u0107ena <strong><a href=\"http:\/\/jquery.com\/\" target=\"_blank\">jQuery<\/a><\/strong> JavaScript biblioteka. Moram da pohvalim i <a title=\"Aleksandar Uro\u0161evi\u0107\" href=\"http:\/\/blog.urosevic.net\/\" target=\"_blank\">Urketov<\/a> <strong><a href=\"http:\/\/wordpress.org\/extend\/plugins\/wp-translit\/\" target=\"_blank\">WP Translit<\/a><\/strong> plugin za automatsko preslovljavanje iz \u0107irilice u latinicu, koji\u00a0je objavljen pod <a href=\"http:\/\/www.gnu.org\/licenses\/gpl-3.0.txt\" target=\"_blank\">GNU GPLv3<\/a> licencom, pa sam kao takvog mogao da ga ras\u010derupam i ugradim u sajt. Ostatak materijala se po potrebi uklju\u010duje sa online servisa koji slu\u017ee za deljenje takvih sadr\u017eaja: YouTube i Flickr.<\/p>\n<h2>Dru\u0161tvene mre\u017ee<\/h2>\n<p style=\"text-align: justify;\">Ve\u0107 pomenuh da je sajt povezan sa dru\u0161tvenim mre\u017eama i to ne samo dugmi\u0107ima za laku distribuciju sadr\u017eaja (\u0161erovanje linkva i sl.) ve\u0107 i profilima\/stranicama na istima. Tako je pored <a href=\"http:\/\/www.facebook.com\/pages\/MTID-Ministarstvo-za-telekomunikacije-i-informaciono-drustvo\/141671605891215\" target=\"_blank\"><strong>Fejsbuk<\/strong> stranice<\/a>, Ministarstvo dobilo i <a href=\"http:\/\/twitter.com\/mtidsrbije\" target=\"_blank\">zvani\u010dni nalog na <strong>Twitteru<\/strong><\/a>, tu su i nezaobilazni <a href=\"http:\/\/www.youtube.com\/mtidsrbije\" target=\"_blank\"><strong>YouTube<\/strong> kanal<\/a> za video materijale i <strong><a href=\"http:\/\/www.flickr.com\/photos\/mtidsrbije\" target=\"_blank\">Flickr<\/a><\/strong> za foto albume. Ne samo da zaposleni u MTID-u \u017eele da informacije sa sajta jednostavno i brzo do\u017eu do gra\u0111ana, kojima su i namenjene, ve\u0107 su otvoreni i za komunikaciju sa ljudima, u \u010demu \u0107e im novi portal u mnogome pomo\u0107i.<\/p>\n<p style=\"text-align: justify;\"><img loading=\"lazy\" decoding=\"async\" class=\"aligncenter size-full wp-image-1299\" title=\"Dugmi\u0107i za lako \u0161erovanje na dru\u0161tvenim mre\u017eama\" src=\"http:\/\/www.plagosus.net\/blog\/wp-content\/uploads\/2011\/01\/sharethis.jpg\" alt=\"\" width=\"640\" height=\"80\" srcset=\"https:\/\/www.plagosus.net\/blog\/wp-content\/uploads\/2011\/01\/sharethis.jpg 640w, https:\/\/www.plagosus.net\/blog\/wp-content\/uploads\/2011\/01\/sharethis-300x38.jpg 300w\" sizes=\"(max-width: 640px) 100vw, 640px\" \/><\/p>\n<p style=\"text-align: justify;\">Meni je drago da neko iz dr\u017eavne uprave, pre svega ima razumevanja za community, a onda jo\u0161 i poka\u017ee \u017eelju da se uklju\u010di i saslu\u0161a \u0161ta ti ljudi imaju da ka\u017eu, sa kakvim problemima se susre\u0107u i da na sve to odgovori potencijalnim re\u0161enjima. Jo\u0161, verovali ili ne, sve to u Srbiji!<\/p>\n<h2>Zavr\u0161ni radovi<\/h2>\n<p style=\"text-align: justify;\">Sajt je jo\u0161 uvek <strong>u beta fazi<\/strong> i ne zna se do kada \u0107e sa ponosom nositi taj bed\u017e. Setimo se samo da je <a href=\"http:\/\/www.plagosus.net\/blog\/tag\/gmail\/\">Gmail<\/a> u beti bio celih 5 godina i da to nikome nije smetalo, \u010dak su \u0161ta vi\u0161e za prave fanove napravili <a href=\"http:\/\/gmailblog.blogspot.com\/2009\/07\/gmail-leaves-beta-launches-back-to-beta.html\" target=\"_blank\">opciju da se vrati beta natpis<\/a> gde je bio u vreme prave beta verzije.<\/p>\n<p style=\"text-align: justify;\"><img loading=\"lazy\" decoding=\"async\" class=\"size-full wp-image-1297 alignright\" style=\"margin: 10px;\" title=\"Beta bed\u017e\" src=\"http:\/\/www.plagosus.net\/blog\/wp-content\/uploads\/2011\/01\/beta-website.jpg\" alt=\"\" width=\"124\" height=\"124\" \/>Na MTID-ovom sajtu, &#8220;<em>beta<\/em>&#8221; ozna\u010dava otvorenost ekipe, koja stoji iza sajta, da saslu\u0161a i prihvati sve konstruktivne predloge. Paralelno sa peglanjem svih eventualnih problema i bubica na koje se nale\u0107e, sprema se i razmatra lista stavki koje bi mogle da se odrade na neki bolji ili zgodniji na\u010din. Planira se preme\u0161tanje nekih opcija na mesta koja bi ve\u0107ini bila zgodnija, javno se testira prikaz na razli\u010ditim browserima i operativnim sistemima&#8230; i sve ostalo gde zajednica mo\u017ee da pomogne. Zato, ako imate bilo kakav predlog, sugestiju, problem, nedoumicu, pitanje, pohvalu, kritiku ili vam jednostavno klik na &#8220;<em>Like<\/em>&#8221; nije dovoljan da izrazite svoje mi\u0161ljenje, budite slobodni da ostavite komentar, bilo ovde ili direktno MTID-u preko nekog od dostupnih kanala. Bi\u0107emo vam zahvalni na pomo\u0107i, a istovremeno \u0107emo vam <a href=\"http:\/\/en.wikipedia.org\/wiki\/Crowdsourcing\" target=\"_blank\">crowdsourcing<\/a>-om\u00a0okupirati pa\u017enju detaljima, pa ne\u0107ete ni primetiti da sadr\u017eaj sa prethodnog sajta jo\u0161 nije preba\u010den u potpunosti i da se polako seli na novi dok vi ovo \u010ditate, kao i da \u0107e sve biti preba\u010deno tek kada beta bed\u017e prestane da krasi gornji levi ugao sajta \ud83d\ude09<\/p>\n","protected":false},"excerpt":{"rendered":"<p>Posle vi\u0161enedeljnog malte ne danono\u0107nog\u00a0rada,\u00a0sino\u0107 smo zavr\u0161ili i pustili u pogon novu beta verziju MTID-ovog sajta. Sa jedne strane, sam&#8230;<\/p>\n","protected":false},"author":2,"featured_media":1290,"comment_status":"open","ping_status":"open","sticky":false,"template":"","format":"standard","meta":{"footnotes":""},"categories":[138,20],"tags":[159,139,160],"aioseo_notices":[],"_links":{"self":[{"href":"https:\/\/www.plagosus.net\/blog\/wp-json\/wp\/v2\/posts\/1288"}],"collection":[{"href":"https:\/\/www.plagosus.net\/blog\/wp-json\/wp\/v2\/posts"}],"about":[{"href":"https:\/\/www.plagosus.net\/blog\/wp-json\/wp\/v2\/types\/post"}],"author":[{"embeddable":true,"href":"https:\/\/www.plagosus.net\/blog\/wp-json\/wp\/v2\/users\/2"}],"replies":[{"embeddable":true,"href":"https:\/\/www.plagosus.net\/blog\/wp-json\/wp\/v2\/comments?post=1288"}],"version-history":[{"count":0,"href":"https:\/\/www.plagosus.net\/blog\/wp-json\/wp\/v2\/posts\/1288\/revisions"}],"wp:featuredmedia":[{"embeddable":true,"href":"https:\/\/www.plagosus.net\/blog\/wp-json\/wp\/v2\/media\/1290"}],"wp:attachment":[{"href":"https:\/\/www.plagosus.net\/blog\/wp-json\/wp\/v2\/media?parent=1288"}],"wp:term":[{"taxonomy":"category","embeddable":true,"href":"https:\/\/www.plagosus.net\/blog\/wp-json\/wp\/v2\/categories?post=1288"},{"taxonomy":"post_tag","embeddable":true,"href":"https:\/\/www.plagosus.net\/blog\/wp-json\/wp\/v2\/tags?post=1288"}],"curies":[{"name":"wp","href":"https:\/\/api.w.org\/{rel}","templated":true}]}}