{"id":1398,"date":"2011-05-29T18:20:23","date_gmt":"2011-05-29T17:20:23","guid":{"rendered":"http:\/\/www.plagosus.net\/blog\/?p=1398"},"modified":"2012-02-01T15:41:04","modified_gmt":"2012-02-01T14:41:04","slug":"dogadjaji-koji-su-obelezili-ovo-prolece","status":"publish","type":"post","link":"https:\/\/www.plagosus.net\/blog\/life\/events\/dogadjaji-koji-su-obelezili-ovo-prolece\/","title":{"rendered":"Doga\u0111aji koji su obele\u017eili ovo prole\u0107e"},"content":{"rendered":"<p style=\"text-align: justify;\">Nekako mi je uvek <a href=\"http:\/\/www.plagosus.net\/blog\/life\/events\/okupljanja-proslave-seminari\/\">ovaj deo godine<\/a>, od prole\u0107a do po\u010detka leta, prepun nekih zanimljivih doga\u0111aja i raznih putovanjca po okru\u017eenju, pa nikako ne stignem da posvetim po tekst na blogu svakome od njih, te ih stoga ukratko izdvajam ovde jer zaista zaslu\u017euju da se na\u0111u me\u0111&#8217; ostatkom mojih blogovnih papazjanija. Pa da krenem (ako me se\u0107anje dobro slu\u017ei) redom&#8230;<\/p>\n<h2 style=\"text-align: justify;\">BEST mini cultural exchange\u00a0Zagreb-Beograd<\/h2>\n<p style=\"text-align: justify;\"><a href=\"http:\/\/www.plagosus.net\/blog\/wp-content\/uploads\/2011\/05\/best-minice-zagreb-kset.jpg\"><img loading=\"lazy\" decoding=\"async\" class=\"alignright size-thumbnail wp-image-1399\" style=\"margin-left: 10px; margin-right: 10px;\" title=\"BEST miniCE Zageb-Beograd KSET\" src=\"http:\/\/www.plagosus.net\/blog\/wp-content\/uploads\/2011\/05\/best-minice-zagreb-kset-150x150.jpg\" alt=\"\" width=\"150\" height=\"150\" \/><\/a>[18-20.02.2011.] O <a href=\"http:\/\/www.plagosus.net\/blog\/life\/trip\/best-minice-ili-kako-smo-se-fenomenalno-proveli-u-zagrebu\/\">BEST miniCE<\/a> sam ve\u0107 pisao, ali nisam pomenuo da je zvani\u010dno naziv bio (ne)kulturna razmena. Ovim nazivom duhovito je aludirano na pozitivno povezivanje na\u0161e dve studentske grupice, a provod je ostavio tako jak utisak da su mi neki ljudi, koje sam tom prilikom upoznao, danas \u010de\u0161\u0107e na kafi od ve\u0107ine dru\u0161tva sa faxa.<\/p>\n<p style=\"text-align: justify;\">Tu se stvorila i ljubav prema Zagrebu koji sam za nekih 2 meseca obi\u0161ao ve\u0107 4-5 puta (a da nikada u \u017eivotu nisam bio ranije).<\/p>\n<p style=\"text-align: justify;\">&nbsp;<\/p>\n<h2 style=\"text-align: justify;\">Koncert benda Fandango u Beogradu<\/h2>\n<p style=\"text-align: justify;\"><a href=\"http:\/\/www.plagosus.net\/blog\/wp-content\/uploads\/2011\/05\/fandango-ciklon-beograd.jpg\"><img loading=\"lazy\" decoding=\"async\" class=\"alignright size-thumbnail wp-image-1400\" style=\"margin-left: 10px; margin-right: 10px;\" title=\"Deo Fandango benda u Ciklonu, Beograd\" src=\"http:\/\/www.plagosus.net\/blog\/wp-content\/uploads\/2011\/05\/fandango-ciklon-beograd-150x150.jpg\" alt=\"\" width=\"150\" height=\"150\" \/><\/a>[04.03.2011.]\u00a0I ako sam pre koncerta \u010duo samo <a title=\"Fandango - Supermarket\" href=\"http:\/\/www.youtube.com\/watch?v=-AHVXzPsYkU\" target=\"_blank\">jednu pesmu<\/a>, \u010dlanicu benda <a title=\"Sta\u0161a Koprivica\" href=\"http:\/\/twitter.com\/srkoprivica\">Sta\u0161u<\/a> znao sam sa twittera, a i cela ekipa koja je te ve\u010deri bila u gradu bila je nekako u tviteraj fazonu, pa smo puni entuzijazma krenuli da zauzmemo prvi red u <a title=\"Club Ciklon\" href=\"https:\/\/foursquare.com\/venue\/11384457\" target=\"_blank\">Ciklonu<\/a> i pozdravimo mini koncert na\u0161eg novog omiljenog twitter benda \ud83d\ude42<\/p>\n<p style=\"text-align: justify;\">Tako je <strong><a href=\"http:\/\/www.facebook.com\/pages\/Fandango-Beograd\/186540778033202\" target=\"_blank\">Fandango<\/a><\/strong> u\u0161ao u istoriju kao prvi srpski bend koji je svoje fanove zaradio putem ove dru\u0161tvene mre\u017ee, a mi smo se super proveli i krenuli da ih preporu\u010dujemo svima \ud83d\ude09<\/p>\n<p style=\"text-align: justify;\">Njima \u017eelim puno sre\u0107e u daljem osvajanju <em>scene<\/em>, a nama jo\u0161 puno zabave na njihovim nastupima&#8230;<\/p>\n<h2 style=\"text-align: justify;\">Dan\u00a0Internet domena Srbije &#8211; DIDS 2011<\/h2>\n<p style=\"text-align: justify;\"><a href=\"http:\/\/www.plagosus.net\/blog\/wp-content\/uploads\/2011\/05\/dids-2011-networking.jpg\"><img loading=\"lazy\" decoding=\"async\" class=\"alignright size-thumbnail wp-image-1401\" style=\"margin-left: 10px; margin-right: 10px;\" title=\"Networking na DIDS 2011\" src=\"http:\/\/www.plagosus.net\/blog\/wp-content\/uploads\/2011\/05\/dids-2011-networking-150x150.jpg\" alt=\"\" width=\"150\" height=\"150\" \/><\/a>[10.03.2011.]\u00a0<strong><a href=\"http:\/\/www.dids.rs\/\" target=\"_blank\">DIDS\u00a02011<\/a><\/strong>, koji je odr\u017ean u <strong><a href=\"http:\/\/www.pks.rs\/\" target=\"_blank\">Privrednoj komori Srbije<\/a><\/strong>, poslu\u017eio je kao odli\u010dan izgovor da se na jedno mesto okupi ve\u0107ina ljudi koji su na bilo koji na\u010din ume\u0161ani u trenutno stanje stvari na doma\u0107em Internet prostoru. Bilo je tu puno zvani\u010dnika, akademskih predstavnika, vlasnika raznih kompanija koje posluju na na\u0161em WEBu, Internet preduzetnika, developera, aktivista i sl. Ne samo da je ovo bio jedan od doga\u0111aja sa najvi\u0161e prijavljenih korisnika Foursquare-a, ve\u0107 je spontano organizovan i afterparty TweetUp pa smo dru\u017eenje nastavili do kasnijih ve\u010dernjih sati.<\/p>\n<p style=\"text-align: justify;\">Na samom skupu smo saznali dosta toga o funkcionisanju samog .RS top level domena, kao i planovima za \u0107irili\u010dne domene, a pri\u010dalo se i o uspe\u0161nim projektima sa doma\u0107eg WEBa. Bilo je re\u010di i o IPv6 protokolima, kao i o planovima za budu\u0107nost. Sve u svemu, bila je ovo vi\u0161estruko dobra konferencija, pa se nadamo jo\u0161 bogatijem programu idu\u0107e godine.<\/p>\n<h2 style=\"text-align: justify;\">#PlitviceUp i obilazak vodopada<\/h2>\n<p style=\"text-align: justify;\"><a href=\"http:\/\/www.plagosus.net\/blog\/wp-content\/uploads\/2011\/05\/plitviceup-croatia-2011.jpg\"><img loading=\"lazy\" decoding=\"async\" class=\"alignright size-thumbnail wp-image-1405\" style=\"margin-left: 10px; margin-right: 10px;\" title=\"#plitviceup - Plitvi\u010dka jezera i vodopadi, Croatia 2011\" src=\"http:\/\/www.plagosus.net\/blog\/wp-content\/uploads\/2011\/05\/plitviceup-croatia-2011-150x150.jpg\" alt=\"\" width=\"150\" height=\"150\" \/><\/a>[16-21.03.2011.]\u00a0Prilikom mog prvog obilaska Zagreba, upoznao sam se IRL sa tweepsima sa neta sa kojima sam se pratio od ranije, a kako su oni ve\u0107 tada planirali vikend u <strong><a href=\"http:\/\/np-plitvicka-jezera.hr\/\" target=\"_blank\">Nacionalnom parku Plitvi\u010dka jezera<\/a><\/strong>, dogovorili smo se da se za slede\u0107e okupljanje sretnemo upravo tamo. Kako bih iskombinovao jo\u0161 neke usputne doga\u0111aje, do\u0161ao sam u sredu na \u010duveni <strong><a href=\"http:\/\/twitter.com\/search\/%23rakijateam\" target=\"_blank\">#rakijateam<\/a><\/strong>, svratio na sastanak kod BEST-ovaca, a na kraju posle Plitvica ostao jo\u0161 koji dan du\u017ee u Zagrebu.<\/p>\n<p style=\"text-align: justify;\">Plitivi\u010dka jezera su zaista fenomenalna i zaista su opravdano na <a href=\"http:\/\/articles.cnn.com\/2011-03-17\/travel\/bt.beautiful.waterfalls_1_niagara-river-waterfall-water-spills\/2?_s=PM:TRAVEL\" target=\"_blank\">3. mestu najlep\u0161ih vodopada na svetu<\/a>, pa ih svima preporu\u010dujem da ih posete. Samo sam tog dana iskucao preko 1000 fotki i redovno ih prelistam \u010disto da se podsetim kako je lepo bilo. Ka\u017eu da je leti, kada sve ozeleni, totalno druga\u010diji do\u017eivljaj, a isto va\u017ei i za zimu kada se sve kompletno zaledi i bude tako stati\u010dko kao na fotografiji. Eto, meni je to dovoljan razlog da ponovo posetim ovaj raj na zemlji, a isto bih preporu\u010dio svima. Zaista je fenomenalan prizor koji treba videti sopstvenim o\u010dima.<\/p>\n<p style=\"text-align: justify;\">Pored svega toga, ekipa sa kojom sam tamo bio je totalno cool i opu\u0161tena i svi su totalni gikovi. Ne samo da niko ne ispus\u0161ta ged\u017eete iz ruku i ne pravi pauze izme\u0111u tweetova du\u017ee od par sati, ve\u0107 su i svi na Foursquare-u, a neki se fanati\u010dki \u010dekiraju na svakom \u0107o\u0161ku \ud83d\ude42 Nikada ne\u0107u zaboraviti ni <a href=\"http:\/\/twitter.com\/medoslav\" target=\"_blank\">Medoslava<\/a> koji je tako po\u010deo da nas proganja i u virtuelnom svetu \ud83d\ude00<\/p>\n<h2 style=\"text-align: justify;\">Share Conference 2011<\/h2>\n<p style=\"text-align: justify;\"><a href=\"http:\/\/www.plagosus.net\/blog\/wp-content\/uploads\/2011\/05\/rickard-falkvinge-share-conference-belgrade-2011.jpg\"><img loading=\"lazy\" decoding=\"async\" class=\"alignright size-thumbnail wp-image-1407\" style=\"margin-left: 10px; margin-right: 10px;\" title=\"Rickard &quot;Rick&quot; Falkvinge na SHARE Conference u Beogradu 2011\" src=\"http:\/\/www.plagosus.net\/blog\/wp-content\/uploads\/2011\/05\/rickard-falkvinge-share-conference-belgrade-2011-150x150.jpg\" alt=\"\" width=\"150\" height=\"150\" \/><\/a>[07-09.04.2011.]\u00a0Jedna od verovatno najzna\u010dajnijih novih konferencija ove godine svakako je <strong><a href=\"http:\/\/www.shareconference.net\/\" target=\"_blank\">Share<\/a><\/strong>. Za one koji ne znaju, ako takvi uop\u0161te postoje,\u00a0SHARE Conference je nova forma festivala pokrenuta od strane State of Exit Fondacije. Na jednom mestu okuplja regionalne zvezde Internet i dru\u0161tvenog aktivizma, umetnike iz sfere novih medija i priznate muzi\u010dare. Ono \u0161to je bilo posebno interesantno jeste neverovatna koncentracija <a href=\"http:\/\/www.trojka.rs\/lifestyle\/hipsteri\" target=\"_blank\">hipstera<\/a> na <del>jednom mestu<\/del> svim mestima.<\/p>\n<p style=\"text-align: justify;\">Pored odli\u010dnih predavanja preko dana, svake ve\u0107eri je na vi\u0161e lokacija bilo puno fenomenalnih \u017eurki na koje su dolazili i ljudi koje preko dana niste imali prilike da vidite. Ekipa iz Exit Fondacije je odradila zaista dobar posao i sve je bilo na vrhunskom nivou. Posebno bih naglasio zna\u010daj ove konferencije za ovda\u0161nju <strong><a href=\"http:\/\/piratskapartija.com\/\" target=\"_blank\">Piratsku partiju<\/a><\/strong> jer su se me\u0111u predava\u010dima na\u0161li i \u010diveni <strong><a href=\"http:\/\/en.wikipedia.org\/wiki\/Rickard_Falkvinge\" target=\"_blank\">Rick<\/a><\/strong>, kao i\u00a0<strong><a href=\"http:\/\/en.wikipedia.org\/wiki\/Samir_Allioui\" target=\"_blank\">Samir Allioui<\/a><\/strong> koji je ostao na dru\u017eenju jo\u0161 par dana kasnije. Velika mi je \u010dast \u0161to sam imao prilike da ih li\u010dno upoznam, a nadam se da je ovo tek po\u010detak.<\/p>\n<p style=\"text-align: justify;\">Ne mogu a da ne pomenem sjajnu <strong><a href=\"http:\/\/improveverywhere.com\/\" target=\"_blank\">Improv Everywhere<\/a><\/strong> ekipu iz New York-a, sa kojom smo organizovali\u00a0workshop pod nazivom <strong><a href=\"http:\/\/vimeo.com\/22350192\" target=\"_blank\">Disco Mobile<\/a><\/strong>. Bilo je to sjajno popodne u centru Beograda, gde smo organizovali otvoreni klub &#8220;<em>Disco Mobile<\/em>&#8221; koji se kretao na relaciji Terazije-Trg Republike-Delijska \u010desma.<\/p>\n<h2 style=\"text-align: justify;\">BEST General Assembly 2011, Karata\u0161<\/h2>\n<p style=\"text-align: justify;\"><a href=\"http:\/\/www.plagosus.net\/blog\/wp-content\/uploads\/2011\/05\/best-ga2011-karatas-serbia.jpg\"><img loading=\"lazy\" decoding=\"async\" class=\"alignright size-thumbnail wp-image-1408\" style=\"margin-left: 10px; margin-right: 10px;\" title=\"BEST GA 2011 @ Karata\u0161, Serbia\" src=\"http:\/\/www.plagosus.net\/blog\/wp-content\/uploads\/2011\/05\/best-ga2011-karatas-serbia-150x150.jpg\" alt=\"\" width=\"150\" height=\"150\" \/><\/a>[14-23.04.2011.]\u00a0Odmah zatim, usledila je <strong><a href=\"http:\/\/www.general-assembly.eu\/\" target=\"_blank\">Generalna skup\u0161tina BEST<\/a><\/strong>-a, za koju smo se pripremali ve\u0107 par meseci unazad. Posle lude \u017eurke za do\u010dek preko 250 stranih delegata i celodnevne ceremonije otvaranja u <strong><a href=\"http:\/\/www.domomladine.org\/\" target=\"_blank\">DOB<\/a><\/strong>-u, svi smo se zaputili put <strong><a href=\"http:\/\/www.kampdjerdap.co.rs\/\" target=\"_blank\">Karata\u0161a na \u0110erdapu<\/a><\/strong> gde su narednih desetak dana odr\u0111avane me\u0111unarodne sednice preko dana i gde smo se svake ve\u010deri dru\u017eili uz razne \u017eurkice.<\/p>\n<p style=\"text-align: justify;\">Kako mi je ovo bio prvi ovako veliki skup u BEST-u, a ujedno i jedan od najzna\u010dajnijih u ovoj studentskoj organizaciji, iskustva su svakako neprocenjiva. A verovatno najbitnije od svega predstavljaju nova poznanstva i kontakti sa studentskim predstavnicima iz svih delova Evrope. Ne samo da su pali dogovori da ve\u0107inu i posetim u nekoj bliskoj budu\u0107nosti, ve\u0107 je sve ovo samo po\u010detak jednog velikog, pre svega dru\u017eenja, a zatim i akademsko-poslovnih saradnji.<\/p>\n<h2 style=\"text-align: justify;\">Primarijada 2011 \u010canj, Montenegro<\/h2>\n<p style=\"text-align: justify;\"><a href=\"http:\/\/www.plagosus.net\/blog\/wp-content\/uploads\/2011\/05\/primatijada-2011-canj-montenegro.jpg\"><img loading=\"lazy\" decoding=\"async\" class=\"alignright size-thumbnail wp-image-1410\" style=\"margin-left: 10px; margin-right: 10px;\" title=\"Primatijada 2011 - \u010canj, Montenegro\" src=\"http:\/\/www.plagosus.net\/blog\/wp-content\/uploads\/2011\/05\/primatijada-2011-canj-montenegro-150x150.jpg\" alt=\"\" width=\"150\" height=\"150\" \/><\/a>[27.04.-04.05.2011.]\u00a0Tradicionalni nau\u010dno-sportski susreti\u00a0<strong>Prirodno-matemati\u010dkih fakulteta<\/strong> iz regiona svake godine se odr\u017eavaju oko Prvog maja. Ovogodi\u0161nja primatijada odr\u017eana je u \u010canju u Crnoj Gori, a cela akcija oko odlaska do tamo, tamo\u0161njeg provoda i povratka nazad je pri\u010da o kojoj bi mogla i cela knjiga da se napi\u0161e \ud83d\ude42<\/p>\n<p style=\"text-align: justify;\">Kako su \u017eurke u <em>njihovoj<\/em> organizaciji uvek <em>fail<\/em> \u0161to se muzi\u010dkog izbora ti\u010de, ve\u0107 par godina za redom, nosimo na\u0161e ozvu\u010denje i pravimo sopstvene \u017eurkice za dru\u0161tvance, koje se nekako uvek spontano pretvore u naj partijanje na Primatijadi. Tako je i ove godine na njihovoj \u017eurci nastupao <em>Ivan Gavrilovi\u0107<\/em> koji je iste ve\u010deri vi\u0111en (i <a title=\"Ivan Gavrilovi\u0107 na na\u0161oj \u017eurci na Primatijadi :)\" href=\"http:\/\/www.facebook.com\/photo.php?pid=6715548&amp;l=e819cf4113&amp;id=517864448\" target=\"_blank\">uslikan<\/a>) na na\u0161oj \u017eurci kod nas u hotelu.<\/p>\n<p style=\"text-align: justify;\">Kao \u0161to pomenuh, highlight putovanja bio je povratak ultra fancy vozom <a href=\"http:\/\/www.zcg-prevoz.me\/\" target=\"_blank\">\u017deljeznice Crne Gore<\/a> koji je bolji od ve\u0107ine evropskih u kojima smo imali prilike da pravimo nered. Kada nekad slede\u0107i put bilo ko od nas bude i\u0161ao ka dole, obavezno jurimo rezervaciju za termin kada bude i\u0161ao ba\u0161 taj voz.<\/p>\n<h2 style=\"text-align: justify;\">#IstraUp i izlet do Slovenije<\/h2>\n<p style=\"text-align: justify;\"><a href=\"http:\/\/www.plagosus.net\/blog\/wp-content\/uploads\/2011\/05\/istraup-motovun-2011-srpski-tviterasi.jpg\"><img loading=\"lazy\" decoding=\"async\" class=\"alignright size-thumbnail wp-image-1418\" style=\"margin-left: 10px; margin-right: 10px;\" title=\"#IstraUp: Motovun 2011 - Srpski tvitera\u0161i\" src=\"http:\/\/www.plagosus.net\/blog\/wp-content\/uploads\/2011\/05\/istraup-motovun-2011-srpski-tviterasi-150x150.jpg\" alt=\"\" width=\"150\" height=\"150\" \/><\/a>[06-12.05.2011.]\u00a0Jo\u0161 na #PlitviceUp-u smo se dogovorili da za slede\u0107e ve\u0107e okupljanje tvitera\u0161a odemu negde u Istru. U me\u0111uvremenu smo dobili dobru ponudu za vile <strong><a href=\"http:\/\/dvoriodskrapi.com\/\" target=\"_blank\">Dvori od \u0160krapi<\/a><\/strong> koja se nalazi u srcu Istre i odlu\u010dili da se tamo provedemo ovaj nezaboravni vikend. <strong><a href=\"http:\/\/www.eniax.net\/\" target=\"_blank\">Eniac<\/a><\/strong> i ja smo se put Zagrijeba uputili sa\u00a0<strong><a href=\"http:\/\/www.dinke.net\/\" target=\"_blank\">Dinketom<\/a><\/strong> i njegovom suprugom Sarom u njihovom novom autu <strong><a href=\"http:\/\/www.dinke.net\/blog\/2010\/12\/09\/honda-civic\/\" target=\"_blank\">Honda Civic<\/a><\/strong> 1.8 PE Sport (Hatchback)\u00a0od 140KS (nadam se da sam dobro napisao, jer je ovo bitna info.).<\/p>\n<p style=\"text-align: justify;\">Vila je bila fenomenalna, a pored kuhinje, terase, bazena i terena za golf, overili smo i saunu u podrumu. Fotke svega postoje, ali je bolje da ih ne gledate \ud83d\ude00 Sama <strong><a href=\"http:\/\/www.istra.hr\/\" target=\"_blank\">Istra<\/a><\/strong> nas je odu\u0161evila svojim pomorsko-kontinentalnim duhom, odli\u010dnim putevima i starim zdanjima koja su preure\u0111ena i izvla\u010de maksimum prirodnih potencijala za turiste i putnike namernike. Obi\u0161li smo <a href=\"http:\/\/hr.wikipedia.org\/wiki\/Motovun\" target=\"_blank\">Motovun<\/a>, <a href=\"http:\/\/hr.wikipedia.org\/wiki\/Gro%C5%BEnjan\" target=\"_blank\">Gro\u017enjan<\/a>, spustili se do mora u\u00a0<a href=\"http:\/\/hr.wikipedia.org\/wiki\/Umag\" target=\"_blank\">Umag<\/a>, a kad smo ve\u0107 bili tu, skoknuli smo i do <a href=\"http:\/\/hr.wikipedia.org\/wiki\/Piran\" target=\"_blank\">Pirana<\/a> u Sloveniji.<\/p>\n<p style=\"text-align: justify;\">Ovde ne moram pominjati da sam posle ovih pute\u0161estvija ponovo svratio na koji dan do Zagreba, da obi\u0111em dru\u0161tvo i usput zavr\u0161im neke sitne posli\u0107e. Sve u svemu, ve\u0107 se dogovaramo kada \u0107emo se ponovo okupiti u Istri &lt;3<\/p>\n<h2 style=\"text-align: justify;\">No\u0107 muzeja, Beograd 2011<\/h2>\n<p style=\"text-align: justify;\"><a href=\"http:\/\/www.plagosus.net\/blog\/wp-content\/uploads\/2011\/05\/noc-muzeja-2011-pmf.jpg\"><img loading=\"lazy\" decoding=\"async\" class=\"alignright size-thumbnail wp-image-1419\" style=\"margin-left: 10px; margin-right: 10px;\" title=\"No\u0107 muzeja 2011 - PMF\" src=\"http:\/\/www.plagosus.net\/blog\/wp-content\/uploads\/2011\/05\/noc-muzeja-2011-pmf-150x150.jpg\" alt=\"\" width=\"150\" height=\"150\" \/><\/a>[14.05.2011.]\u00a0Doga\u0111aj za koji sam kao bloger i tvitera\u0161 dobio karte, a na koji sam svakako planirao da tradicionalno odem, svakako zaslu\u017euje mesto na ovoj listi. Pominjali smo na twitteru da ljudi u muzeje idu samo kada su ovakvi organizovani doga\u0111aji, jer obi\u010dno samo bleje po parkovima i cirkaju pivo, pa smo zaklju\u010dili da bi &#8220;<em>no\u0107 u muzeju piva<\/em>&#8221; zapravo bio sasvim zanimljiv i pose\u0107en doga\u0111aj \ud83d\ude09<\/p>\n<p style=\"text-align: justify;\">Bilo kako bilo, iskoristio sam ovu priliku da se, posle nekih 8 godina, vidim sa drugaricom iz kraja i obi\u0111em ono \u0161to, na \u017ealost, obilazimo jednom godi\u0161nje. Uspeli smo da obi\u0111emo 16 lokacija od kojih mi se posebno svideo <strong><a href=\"http:\/\/www.automuseumbgd.com\/\" target=\"_blank\">Muzej automobila<\/a><\/strong>, u kome ima jako zanimljivih oldtajmera, uklju\u010duju\u0107i i <a href=\"http:\/\/twitpic.com\/4xofk2\" target=\"_blank\">prvi <strong>Ferrari<\/strong> u Beogradu<\/a> (<a href=\"http:\/\/en.wikipedia.org\/wiki\/Ferrari_308_GTB\/GTS\" target=\"_blank\">Ferrari 308 GTS<\/a> iz 1978.). Najzanimljivija tura, zapravo je bila kroz hemijski deo zgrade PMF-a gde smo pored \u010dasa istorije imali prilike da u\u010destvujemo i u vi\u0161e zanimljivih hemijskih eksperimenata, me\u0111u kojima su stvaranje ve\u0161ta\u010dke krvi, hla\u0111enje te\u010dnim azotom na skoro -200\u00baC, ne\u0161to \u0161to je li\u010dilo na ve\u0161ta\u010dko pivo, a pritom menjalo boje i jo\u0161 koje\u0161ta \u010dega se iskreno ne se\u0107am. Uglavnom, zaista zabavno i lepo organizovano ve\u010de.<\/p>\n<h2 style=\"text-align: justify;\">Sensation White @ Belgrade Arena 2011<\/h2>\n<p style=\"text-align: justify;\"><a href=\"http:\/\/www.plagosus.net\/blog\/wp-content\/uploads\/2011\/05\/sensation-white-belgrade-arena-2011.jpg\"><img loading=\"lazy\" decoding=\"async\" class=\"alignright size-thumbnail wp-image-1421\" style=\"margin-left: 10px; margin-right: 10px;\" title=\"Sensation Serbia @ Belgrade Arena 2011\" src=\"http:\/\/www.plagosus.net\/blog\/wp-content\/uploads\/2011\/05\/sensation-white-belgrade-arena-2011-150x150.jpg\" alt=\"\" width=\"150\" height=\"150\" \/><\/a>[21.05.2011.] <strong><a href=\"http:\/\/www.sensation.com\/\" target=\"_blank\">Sensation<\/a><\/strong> (koji se ranije zvao <em>Sensation White<\/em> jer je potojala i <em>Black<\/em> varijanta) je verovatno najuzbudljiviji muzi\u010dki doga\u0111aj na celom svetu. Krenuo je kao \u017eurka u Amsterdamskoj Areni, da bi od 2005. \u00a0krenuo da se organizuje u jo\u0161 nekoliko svetskih metropola. Od ove godine stigao je i u Srbiju, pa je <strong><a href=\"http:\/\/www.arenabeograd.com\/\" target=\"_blank\">Beogradska Arena<\/a><\/strong> pretvorena u <em><a href=\"http:\/\/www.sensation.com\/serbia\/sr\/home\/\" target=\"_blank\">okean beline<\/a>,<\/em> u kome je preko 20.000 ljudi sele no\u0107i \u0111uskalo uz ritmove svetskih imena elektronske muzike, a specijalni efekti su atosferu dodatno podigli do granica za pam\u0107enje.<\/p>\n<p style=\"text-align: justify;\">Od izvo\u0111a\u010da \u0107e u \u0161e\u0107anju posebno ostati nastupi\u00a0<strong><a href=\"http:\/\/www.myspace.com\/sandervandoorn\" target=\"_blank\">Sander van Doorn<\/a><\/strong>-a koje je bukvalno pokidao, a i <strong><a href=\"http:\/\/www.myspace.com\/djmrwhite\" target=\"_blank\">Mr. White<\/a><\/strong> mu je bio za petama. Od ostalih su pozitivno iznenadili <strong><a href=\"http:\/\/www.myspace.com\/djchuckie\" target=\"_blank\">Chuckie<\/a><\/strong>, kao i <strong><a href=\"http:\/\/www.myspace.com\/erickedj\" target=\"_blank\">ErickE<\/a><\/strong>. Zahvalio bih se ovom prilikom Telenoru, koji je kao generalni sponzor zaslu\u017ean za odr\u017eavanje ove manifestacije kod nas, a veliko hvala i za karte koje sam upravo od njih i dobio \ud83d\ude42<\/p>\n<p style=\"text-align: justify;\">Sve u svemu, bio je ovo spektakl koji zaista treba do\u017eiveti. \u010cisto muzi\u010dki gledano, sasvim dobar party, a ako u ukupnu ovenu ubrojim i samo atmosferu i famu oko uniformisanosti i <em><a href=\"http:\/\/www.facebook.com\/notes\/pulseoneorg\/sensation-white-dress-code\/10150616697900206\" target=\"_blank\">dress code<\/a><\/em>-a, kao i ostatk specijalnih efekata, Sensation postaje spektakl koji zaista ne treba propustiti i koji svakako treba do\u017eiveti, makar jednom u \u017eivotu. Usputno je ovo bio i odli\u010dan test za multimedijalne mogu\u0107nosti moje nove Nokije E7, koja se zaista pokazala u pravom svetlu, a HD snimke na\u010dinjene te ve\u010deri, mo\u017eete pogledati na mom <a title=\"Sensation White Belgrade Arena 2011 HD video\" href=\"http:\/\/www.youtube.com\/playlist?p=PLC136E848CF52D2C0\" target=\"_blank\">YouTube kanalu<\/a>.<\/p>\n<h2 style=\"text-align: justify;\">Ideja X festival ogla\u0161avanja, Zagreb<\/h2>\n<p style=\"text-align: justify;\"><a href=\"http:\/\/www.plagosus.net\/blog\/wp-content\/uploads\/2011\/05\/ivan-sarar-idejax-zagreb.jpg\"><img loading=\"lazy\" decoding=\"async\" class=\"alignright size-thumbnail wp-image-1422\" style=\"margin-left: 10px; margin-right: 10px;\" title=\"Ivan \u0160arar aka @IvanSarar @ IdejaX\" src=\"http:\/\/www.plagosus.net\/blog\/wp-content\/uploads\/2011\/05\/ivan-sarar-idejax-zagreb-150x150.jpg\" alt=\"\" width=\"150\" height=\"150\" \/><\/a>[26-27.05.2011.]\u00a0<strong><a href=\"http:\/\/idejax.com\/\" target=\"_blank\">Ideja X<\/a><\/strong> je doga\u0111aj koji je privukao veliki broj gostiju iz okru\u017eenja jer su se me\u0111u predava\u010dima na\u0161li svetski magovi iz sveta ogla\u0161avanja i marketinga. Iz Srbije je krenula ekipa iz <strong><a href=\"http:\/\/www.etarget.rs\/\" target=\"_blank\">ETARGET<\/a><\/strong>-a, <strong><a href=\"http:\/\/www.fastbridge.rs\/\" target=\"_blank\">Fastbridge<\/a><\/strong>-a, kao i ostale poznate SM\/PR zvezde doma\u0107eg Interneta: <a href=\"http:\/\/www.zorantorbica.com\/\" target=\"_blank\">Torbca<\/a>, <a href=\"http:\/\/www.eniax.net\/\" target=\"_blank\">Eniac<\/a>&#8230; Da ne du\u017eim: <em>konferencija<\/em> &#8211; sasvim solidna; <em>predavanja<\/em> &#8211; tako\u0111e; <em>\u017eurke<\/em> &#8211; ni nalik doma\u0107im; <em>networking<\/em> &#8211; kako se ko sna\u0161ao.<\/p>\n<p style=\"text-align: justify;\">Iskoristili smo priliku da skoknemo i na lokalni prole\u0107ni <a href=\"http:\/\/twtvite.com\/proljetnivgtweetup\" target=\"_blank\">#VgTweetUp<\/a> u <a href=\"http:\/\/www.gorica.hr\/\" target=\"_blank\">Velikoj Gorici<\/a>, gde sam upoznao puno zanimljivih ljudi, od kojih sam dobar deo znao samo sa neta, a posebna mi je \u010dast bila upoznati <strong><a href=\"http:\/\/marijalugaric.bloger.hr\/\" target=\"_blank\">Mariju Lugari\u0107<\/a><\/strong> &#8211; blogerku koja je zastupnica u <strong><a href=\"http:\/\/www.sabor.hr\/\" target=\"_blank\">Hrvatskom saboru<\/a><\/strong>. Usput sam pohvato jo\u0161 neke poslovne kontakte, a uspeo sam \u010dak i da otkrijem neke \u010dari <strong><a href=\"http:\/\/hr.wikipedia.org\/wiki\/Jarun\" target=\"_blank\">Jaruna<\/a><\/strong> zbog kojih \u0107u ga letos najmanje jo\u0161 jednom posetiti \ud83d\ude09<\/p>\n<p style=\"text-align: justify;\">I da, umalo da zaboravim, na Ideja X zurci, sasvim slu\u010dajno (zapravo, Eniac mi je rekao) upoznao sam legendu Hrvatske tvitosfere, \u010doveka sa glavom ribe na avataru, mudrim re\u010dima u tweetovima i neiscrpnom inspiracijom na TL, onog zbog koga smo svi \u0161ararizovani, \u0161ararmantni, zbog koga u\u017eivamo da se \u0161arimo&#8230; \u0161efa kancelarije odeljenja za kulturu Grada Rijeke, glavom i bradom <strong><a href=\"http:\/\/www.linkedin.com\/in\/ivansarar\" target=\"_blank\">Ivana \u0160arara<\/a><\/strong>! <em><span style=\"color: #c0c0c0;\">#nohomo<\/span><\/em><\/p>\n","protected":false},"excerpt":{"rendered":"<p>Nekako mi je uvek ovaj deo godine, od prole\u0107a do po\u010detka leta, prepun nekih zanimljivih doga\u0111aja i raznih putovanjca po&#8230;<\/p>\n","protected":false},"author":2,"featured_media":1418,"comment_status":"open","ping_status":"open","sticky":false,"template":"","format":"standard","meta":{"footnotes":""},"categories":[145,163],"tags":[166,184,181,182,185,187,183,188,179,186,165],"aioseo_notices":[],"_links":{"self":[{"href":"https:\/\/www.plagosus.net\/blog\/wp-json\/wp\/v2\/posts\/1398"}],"collection":[{"href":"https:\/\/www.plagosus.net\/blog\/wp-json\/wp\/v2\/posts"}],"about":[{"href":"https:\/\/www.plagosus.net\/blog\/wp-json\/wp\/v2\/types\/post"}],"author":[{"embeddable":true,"href":"https:\/\/www.plagosus.net\/blog\/wp-json\/wp\/v2\/users\/2"}],"replies":[{"embeddable":true,"href":"https:\/\/www.plagosus.net\/blog\/wp-json\/wp\/v2\/comments?post=1398"}],"version-history":[{"count":0,"href":"https:\/\/www.plagosus.net\/blog\/wp-json\/wp\/v2\/posts\/1398\/revisions"}],"wp:featuredmedia":[{"embeddable":true,"href":"https:\/\/www.plagosus.net\/blog\/wp-json\/wp\/v2\/media\/1418"}],"wp:attachment":[{"href":"https:\/\/www.plagosus.net\/blog\/wp-json\/wp\/v2\/media?parent=1398"}],"wp:term":[{"taxonomy":"category","embeddable":true,"href":"https:\/\/www.plagosus.net\/blog\/wp-json\/wp\/v2\/categories?post=1398"},{"taxonomy":"post_tag","embeddable":true,"href":"https:\/\/www.plagosus.net\/blog\/wp-json\/wp\/v2\/tags?post=1398"}],"curies":[{"name":"wp","href":"https:\/\/api.w.org\/{rel}","templated":true}]}}