{"id":1903,"date":"2012-12-11T14:16:31","date_gmt":"2012-12-11T13:16:31","guid":{"rendered":"http:\/\/www.plagosus.net\/blog\/?p=1903"},"modified":"2012-12-11T15:29:09","modified_gmt":"2012-12-11T14:29:09","slug":"blogomanija-i-stara-planina-ftw","status":"publish","type":"post","link":"https:\/\/www.plagosus.net\/blog\/life\/events\/blogomanija-i-stara-planina-ftw\/","title":{"rendered":"Blogomanija i Stara planina #ftw"},"content":{"rendered":"<p style=\"text-align: justify;\">Lagano se sle\u017eu utisci sa <a title=\"Blogomanija 2012\" href=\"http:\/\/www.blogomanija.me\/\" target=\"_blank\"><strong>Blogomanije<\/strong><\/a> &#8211;\u00a0<strong>regionalne konferencije posve\u0107ene blogu i blogerima<\/strong> koja je odr\u017eana\u00a0od 7. do 9. decembra u hotelu <strong><a href=\"http:\/\/www.falkensteiner.com\/sr\/hotel\/stara-planina\" target=\"_blank\">Falkensteiner Stara planina<\/a><\/strong>. Mnogobrojni gosti su se odavno ve\u0107 vratili ku\u0107ama i krenuli sa objavljivanjem svojih utisaka po <a title=\"Google Blog Search: Blogomanija\" href=\"https:\/\/www.google.com\/search?tbm=blg&amp;q=blogomanija\" target=\"_blank\">raznim blogovima<\/a>, a mi iz organizacije smo ostali malo du\u017ee na snegom zavejanoj Staroj planini, tako da na\u0161i komenteri kasne iz prostog razloga \u0161to smo morali i da se naspavamo.<\/p>\n<p style=\"text-align: justify;\"><img loading=\"lazy\" decoding=\"async\" class=\"aligncenter size-full wp-image-1921\" title=\"Blogomanija Logo\" src=\"http:\/\/www.plagosus.net\/blog\/wp-content\/uploads\/2012\/12\/blogomanija-logo.png\" alt=\"\" width=\"513\" height=\"189\" srcset=\"https:\/\/www.plagosus.net\/blog\/wp-content\/uploads\/2012\/12\/blogomanija-logo.png 513w, https:\/\/www.plagosus.net\/blog\/wp-content\/uploads\/2012\/12\/blogomanija-logo-300x111.png 300w\" sizes=\"(max-width: 513px) 100vw, 513px\" \/><\/p>\n<h2 style=\"text-align: justify;\">Konferencija za blogere i za blogerske saveznike<\/h2>\n<p style=\"text-align: justify;\">Kao \u0161to sam pre oko mesec dana najavio preko svojih drugara iz <a href=\"http:\/\/www.netokracija.com\/blogomanija-blogeri-39183\" target=\"_blank\">Netokracije<\/a>, Blogomanija je zami\u0161ljena pre svega kao jedan veliki regionalni skup ljudi iz blogosfere, na kome se kroz dru\u017eenje, razmenjuju iskustva u okviru predavanja, okruglih stolova i radionica. Program je\u00a0prilago\u0111en \u0161irokom sprktru tema raznih nivoa interesovanja, od onih koji tek \u017eele da se upuste u blog vode, preko saveta za monetizaciju postoje\u0107ih blogova, do studija slu\u010dajeva i analiziranja trendova u teku\u0107oj i godinama koje slede.<\/p>\n<p style=\"text-align: center;\"><a href=\"http:\/\/500px.com\/photo\/20343247\"><img loading=\"lazy\" decoding=\"async\" class=\"aligncenter\" title=\"Snowy trees\" src=\"http:\/\/www.plagosus.net\/blog\/wp-content\/uploads\/2012\/12\/snowy-trees-640x426.jpg\" alt=\"\" width=\"640\" height=\"426\" \/><\/a><\/p>\n<h2 style=\"text-align: justify;\">Hotel Falkensteiner na Staroj planini kao lokacija odr\u017eavanja<\/h2>\n<p style=\"text-align: justify;\">O svojim <a href=\"http:\/\/www.plagosus.net\/blog\/life\/trip\/stara-planina-i-novi-hotel-za-prave-ljubitelje-prirode\/\">pozitivnim utiscima o Staroj planini i novom hotelu<\/a>, ve\u0107 sam pisao pre par meseci kada mi je glavna preopkupacija bila savla\u0111ivanje ve\u0161tina manevrisanja (<em>nepadanja<\/em>) na snowboardu. Se\u0107ate se i da mi je tada jedina zamerka bio put do samog hotela, tj. nepostojanje istog. Sada je situacija drasti\u010dno bolja i poslednjih par desetina kilometara je postavljen kompletno nov kolovoz. I dalje ima deonica gde je put star i uzak, pa \u0107e vam izgledati kao da ste u nedo\u0111iji, ali je situacija drasti\u010dno bolja nego ranije, a i radovi na putu su i dalje u toku, \u0161to obe\u0107ava. <a href=\"http:\/\/ftw.rs\/blogomanija-vodic-za-vozace-do-stare-planine\/\" target=\"_blank\">Burek je pisao detaljno o tome<\/a>, pa bacite pogled ako automobilnom idete ka Staroj planini.<\/p>\n<p style=\"text-align: justify;\">Hotel je tako\u0111e u fazi renoviranja, ali nam je ve\u0107im delom bio dostupan za potrebe konferencije. Sobe su odli\u010dne i prostrane, okolina hotela je bogata stazicama za \u0161etnju i razgledanje, ali nam vremenski uslovi to nisu dozvoljavali pa smo u\u017eivali u \u010darima saune, <a href=\"http:\/\/pic.twitter.com\/fHDetLFV\" target=\"_blank\">\u0111akuzija<\/a> i bazena unutar hotela. Osoblje, ne samo da je bilo ultra ljubazno, ve\u0107 su nam bili na usluzi svake no\u0107i do 5h ujutru, dokle smo obi\u010dno ostajali i dru\u017eili se uz zvuke akusti\u010dne gitare. Puno ljudi je pohvalilo i klopu, tako da nije falio deo hotela sa picerijom koji se trenutno renovira.<\/p>\n<p style=\"text-align: justify;\"><a href=\"http:\/\/www.plagosus.net\/blog\/wp-content\/uploads\/2012\/12\/blogomanija-afterparty.jpg\"><img loading=\"lazy\" decoding=\"async\" class=\"aligncenter size-large wp-image-1912\" title=\"Blogomanija Afterparty dru\u017eenje u holu\" src=\"http:\/\/www.plagosus.net\/blog\/wp-content\/uploads\/2012\/12\/blogomanija-afterparty-640x337.jpg\" alt=\"\" width=\"640\" height=\"337\" \/><\/a><\/p>\n<p style=\"text-align: justify;\">Internet konekciju od 200 Mbps, obezbedio je sponzor <a href=\"http:\/\/www.telekom.rs\/\" target=\"_blank\">Telekom Srbija<\/a>, a 30ak Access Pointa bilo je zadu\u017eeno da svi imaju stabilnu konekciju. Preko 700 ure\u0111aja, vuklo je i do 170 Mbps i nije bilo problema u radu, \u0161to je za svaku pohvalu.<\/p>\n<h2 style=\"text-align: justify;\">Program, u\u010desnici i gosti<\/h2>\n<p style=\"text-align: justify;\">O konceptu <a href=\"http:\/\/www.blogomanija.me\/#program\" target=\"_blank\">programske \u0161eme<\/a> sam ve\u0107 pri\u010dao, a za perfektno funkcionisanje iste, iako je puno toga improvizovano u letu, zaslu\u017ean je jedan i jedini (<em>da ne ka\u017eem najve\u0107i<\/em>) <a href=\"http:\/\/www.linkedin.com\/in\/ivanminic\" target=\"_blank\"><strong>Ivan Mini\u0107 &#8211; Burek<\/strong><\/a>.<\/p>\n<p style=\"text-align: justify;\">U\u010desnici, kao i gosti, do\u0161li su iz svih biv\u0161ih jugoslovenskih republika, \u010dime je jo\u0161 jednom potvr\u0111ena izjava da je <em>community zapravo sve vreme ostao ujedinjen<\/em>. Zbog vremenskih neprilika koje su zatekle cele Evropu, par predava\u010da nije moglo da do\u0111e, pa smo u letu organizovali adekvatne zamene, me\u0111u kojima sam i ja odr\u017eao kratku radionucu &#8220;<span style=\"text-decoration: underline;\"><em>SEO za po\u010detnike u 20 minuta<\/em><\/span>&#8220;, za koju su prisutni rekli da im je bila jako korisna.<\/p>\n<p style=\"text-align: justify;\"><a href=\"http:\/\/www.plagosus.net\/blog\/wp-content\/uploads\/2012\/12\/blogomanija-ucesnici.jpg\"><img loading=\"lazy\" decoding=\"async\" class=\"aligncenter size-large wp-image-1914\" title=\"Blogomanija - u\u010desnici\" src=\"http:\/\/www.plagosus.net\/blog\/wp-content\/uploads\/2012\/12\/blogomanija-ucesnici-640x310.jpg\" alt=\"\" width=\"640\" height=\"310\" \/><\/a><\/p>\n<p style=\"text-align: justify;\">Iskoristio bih priliku da se jo\u0161 jednom zahvalim svima koji su, svojim prisustvom, pomogli da Blogomanija bude to \u0161to jeste i da se ujedno izvinim svima kojima nisam uspeo da posvetim dovoljno vremena, jer smo svi bili na nogama po ceo dan, a spavali po par sati kako bi ispratili sve \u0161to se na konferenciji de\u0161avalo. Znate i sami kako je bilo jer smo se vi\u0111ali samo u pazuama gde smo uz <a href=\"https:\/\/twitter.com\/ljubitelji_kafe\" target=\"_blank\"><strong>@Ljubitelji_kafe<\/strong><\/a> \u0107askali u prolazu. Mi sve u svakom slu\u010daju vidimo uskoro, mo\u017eda \u010dak i na va\u0161em terenu, jer se mi blogeri dru\u017eimo i IRL podjednako koliko i online.<\/p>\n<h2 style=\"text-align: justify;\">Sabiranje utisaka i uspostavljanje kontakata<\/h2>\n<p style=\"text-align: justify;\">Puno se jo\u0161 toga mo\u017ee re\u0107i o samoj Blogomaniji, no pusti\u0107u da ostali slegnu utiske i na miru bloguju o tome. Ukoliko su vam potrebne <strong>fotografije<\/strong>, bacite pogled na <a href=\"https:\/\/www.facebook.com\/BlogomanijaMe\" target=\"_blank\">FB stranicu<\/a>, a za ostale neobjavljene fotke me kontaktirajte gde god vam je zgodno.<\/p>\n<p style=\"text-align: justify;\">Ukoliko su vam iz bilo kog razloga potrebni sa\u010duvani <strong>tvitovi<\/strong> sa hashtaga <a href=\"https:\/\/twitter.com\/search?q=%23blogomanija&amp;src=hash\" target=\"_blank\">#blogomanija<\/a>, evo arhive od 914 strana u <a href=\"http:\/\/goo.gl\/BLSWt\" target=\"_blank\">PDF formatu<\/a>.<\/p>\n<p style=\"text-align: justify;\"><a href=\"http:\/\/www.plagosus.net\/blog\/wp-content\/uploads\/2012\/12\/blogomanija-crew.jpg\"><img loading=\"lazy\" decoding=\"async\" class=\"aligncenter size-large wp-image-1910\" title=\"Blogomanija Crew\" src=\"http:\/\/www.plagosus.net\/blog\/wp-content\/uploads\/2012\/12\/blogomanija-crew-640x400.jpg\" alt=\"\" width=\"640\" height=\"400\" srcset=\"https:\/\/www.plagosus.net\/blog\/wp-content\/uploads\/2012\/12\/blogomanija-crew-640x400.jpg 640w, https:\/\/www.plagosus.net\/blog\/wp-content\/uploads\/2012\/12\/blogomanija-crew-300x188.jpg 300w, https:\/\/www.plagosus.net\/blog\/wp-content\/uploads\/2012\/12\/blogomanija-crew-768x480.jpg 768w, https:\/\/www.plagosus.net\/blog\/wp-content\/uploads\/2012\/12\/blogomanija-crew.jpg 1200w\" sizes=\"(max-width: 640px) 100vw, 640px\" \/><\/a><\/p>\n<p style=\"text-align: justify;\">Ako ste se upoznali sa nekime, sedeli na doru\u010dku,\u00a0komentarisali predavanja,\u00a0zapili se zajedno na <a href=\"http:\/\/twitter.com\/kafanizacija\" target=\"_blank\">kafanizaciji<\/a>&#8230; a izgubili ste kontakt ili \u017eelite da stupite u kontakt sa doti\u010dnom osobm&#8230; Javite, pa \u0107u se potruditi da vas pove\u017eem \ud83d\ude42<\/p>\n<p style=\"text-align: justify;\">Jo\u0161 jednom za kraj, i ako smo pocrkali od umora i komirali se posle konferencije, bilo mi je drago da sam vas video i da smo se dru\u017eili. Ima puno mesta gde mo\u017eemo da napredujemo, a va\u0161i komentari su ono odakle treba krenuti. Hvala svima koji su bili!<\/p>\n<p style=\"text-align: justify;\">P.S. Umalo da zaboravim, palo je i odmeravanje <a href=\"http:\/\/tviterpenis.rs\/\" target=\"_blank\"><strong>Tviter penisa<\/strong><\/a> \ud83d\ude00<\/p>\n","protected":false},"excerpt":{"rendered":"<p>Kratko sumiranje utisaka posle Blogomanije &#8211; regionalne konferencije posve\u0107ene blogu i blogerima, odrane na Staroj planini od 7. do 9. decembra, 2012.<\/p>\n","protected":false},"author":2,"featured_media":1910,"comment_status":"open","ping_status":"open","sticky":false,"template":"","format":"standard","meta":{"footnotes":""},"categories":[145],"tags":[229,199,193],"aioseo_notices":[],"_links":{"self":[{"href":"https:\/\/www.plagosus.net\/blog\/wp-json\/wp\/v2\/posts\/1903"}],"collection":[{"href":"https:\/\/www.plagosus.net\/blog\/wp-json\/wp\/v2\/posts"}],"about":[{"href":"https:\/\/www.plagosus.net\/blog\/wp-json\/wp\/v2\/types\/post"}],"author":[{"embeddable":true,"href":"https:\/\/www.plagosus.net\/blog\/wp-json\/wp\/v2\/users\/2"}],"replies":[{"embeddable":true,"href":"https:\/\/www.plagosus.net\/blog\/wp-json\/wp\/v2\/comments?post=1903"}],"version-history":[{"count":0,"href":"https:\/\/www.plagosus.net\/blog\/wp-json\/wp\/v2\/posts\/1903\/revisions"}],"wp:featuredmedia":[{"embeddable":true,"href":"https:\/\/www.plagosus.net\/blog\/wp-json\/wp\/v2\/media\/1910"}],"wp:attachment":[{"href":"https:\/\/www.plagosus.net\/blog\/wp-json\/wp\/v2\/media?parent=1903"}],"wp:term":[{"taxonomy":"category","embeddable":true,"href":"https:\/\/www.plagosus.net\/blog\/wp-json\/wp\/v2\/categories?post=1903"},{"taxonomy":"post_tag","embeddable":true,"href":"https:\/\/www.plagosus.net\/blog\/wp-json\/wp\/v2\/tags?post=1903"}],"curies":[{"name":"wp","href":"https:\/\/api.w.org\/{rel}","templated":true}]}}