{"id":1946,"date":"2013-01-15T17:32:31","date_gmt":"2013-01-15T16:32:31","guid":{"rendered":"http:\/\/www.plagosus.net\/blog\/?p=1946"},"modified":"2013-01-15T17:32:31","modified_gmt":"2013-01-15T16:32:31","slug":"sony-vaio-e-series-laptop-koji-svetli-u-mraku","status":"publish","type":"post","link":"https:\/\/www.plagosus.net\/blog\/tech\/hardware\/sony-vaio-e-series-laptop-koji-svetli-u-mraku\/","title":{"rendered":"Sony VAIO E Series &#8211; laptop koji svetli u mraku"},"content":{"rendered":"<p style=\"text-align: justify;\">Krajem pro\u0161le godine od <strong>Sony<\/strong>-ja sam <a href=\"http:\/\/twitpic.com\/bdzv5h\" target=\"_blank\">dobio na testiranje<\/a> primerak <a title=\"Sony predstavio nove VAIO ra\u010dunare\" href=\"http:\/\/portabl.rs\/laptop\/sony-predstavio-nove-vaio-racunare\/\" target=\"_blank\">VAIO serije laptopova najnovije generacije<\/a>, ali je zbog praznika tekst o tome kasnio, no evo kona\u010dno i mojih utisaka.<\/p>\n<h2 style=\"text-align: justify;\"><a href=\"http:\/\/www.plagosus.net\/blog\/wp-content\/uploads\/2013\/01\/sony-vaio-e-testiranje.jpg\"><img loading=\"lazy\" decoding=\"async\" class=\"aligncenter  wp-image-1947\" alt=\"Sony VAIO E utisci\" src=\"http:\/\/www.plagosus.net\/blog\/wp-content\/uploads\/2013\/01\/sony-vaio-e-testiranje-640x385.jpg\" width=\"640\" height=\"385\" \/><\/a><\/h2>\n<h2 style=\"text-align: justify;\">Konfiguracija i specifikacije<\/h2>\n<p style=\"text-align: justify;\">Kako je u pitanju model sa ekranom dijagonale od 15&#8243;, u pitanju je regularna poslovna konfiguracija, namenjena svakodnevnim office zadacima. Detaljne specifikacije su slede\u0107e:<\/p>\n<ul>\n<li>Procesor:\u00a0<strong>Intel Core i5<\/strong> &#8211; 3210M @ 2.50 GHz<\/li>\n<li>RAM: <strong>4 GB DDR3<\/strong> 1600MHz SDRAM<\/li>\n<li>Hard disk: <strong>640 GB<\/strong> 5400 rpm<\/li>\n<li>Ekran: <strong>15.5&#8243;<\/strong> VAIO Display (1366&#215;768) wide (16:9)<\/li>\n<li>Grafika: <strong>AMD Radeon HD 7650M<\/strong> (1 GB VRAM)<\/li>\n<li>Optika: DVD SuperMulti pogon<\/li>\n<li>Povezivanje: WLAN 802.11b\/g\/n, Bluetooth 4.0 + HS<\/li>\n<li>Konektori:\u00a0USB 2.0 (x3), USB 3.0 (x1), HDMI<\/li>\n<li>WebCam: 1.31 mpx<\/li>\n<li>Dimnezije:\u00a0253,5 x 25,3-35,1 x 371,9 mm<\/li>\n<li>Te\u017eina: ~2,7 kg<\/li>\n<\/ul>\n<h2>Spoljni dizajn<\/h2>\n<p style=\"text-align: justify;\">Celu VAIO Seriju E\u00a0karakteri\u0161e jedinstveni \u2018<em>wrap-around<\/em>\u2019 dizajn sa zaobljenim ivicama, sa ciljnom grupom koju \u010dine studenti, porodice i svi oni koji \u017eele da u\u017eivaju u multimedijalnim sadr\u017eajima. Li\u010dno, ne volim &#8216;obi\u010dne&#8217; laptopove koji li\u010de jedan na drugi i jedan od va\u017enijih uslova prilikom odabira laptopa mi je upraov i izgled, a VAIO se upravo tu ve\u0107 na prvi pogled razlikuje od ostalih.<\/p>\n<p><a href=\"http:\/\/www.plagosus.net\/blog\/wp-content\/uploads\/2013\/01\/sony-vaio-e-15-strana.jpg\"><img loading=\"lazy\" decoding=\"async\" class=\"aligncenter size-large wp-image-1948\" alt=\"Sony VAIO E 15 crni\" src=\"http:\/\/www.plagosus.net\/blog\/wp-content\/uploads\/2013\/01\/sony-vaio-e-15-strana-640x116.jpg\" width=\"640\" height=\"116\" srcset=\"https:\/\/www.plagosus.net\/blog\/wp-content\/uploads\/2013\/01\/sony-vaio-e-15-strana-640x116.jpg 640w, https:\/\/www.plagosus.net\/blog\/wp-content\/uploads\/2013\/01\/sony-vaio-e-15-strana-768x139.jpg 768w, https:\/\/www.plagosus.net\/blog\/wp-content\/uploads\/2013\/01\/sony-vaio-e-15-strana-300x54.jpg 300w, https:\/\/www.plagosus.net\/blog\/wp-content\/uploads\/2013\/01\/sony-vaio-e-15-strana.jpg 800w\" sizes=\"(max-width: 640px) 100vw, 640px\" \/><\/a><\/p>\n<p>&nbsp;<\/p>\n<p style=\"text-align: justify;\">\u0160to se rasporeda komponenti, konektora i ostalih stavki koje se ti\u010du funkcionalnosti, nisam primetio nikakve nezgodne detalje, tako da mogu da zaklju\u010dim da je sve konrektno \u0161to se ti\u010de konektora.<\/p>\n<p style=\"text-align: justify;\">Sa leve strane su priklju\u010dak za punja\u010d, LAN priklju\u010dan, VGA izlaz, HDMI konektor, jedan USB i audio priklju\u010dci za mikrofon i slu\u0161alice. Sa desne strane se nalazi opti\u010dki drajv i jo\u0161 3 USB priklju\u010dka. Statusne LED lampice su od napred, a tu se nalaze i slotovi za ProDuo\/SD memorijske\u00a0kartice.<\/p>\n<p style=\"text-align: justify;\"><a href=\"http:\/\/www.plagosus.net\/blog\/wp-content\/uploads\/2013\/01\/sony-vaio-e-15-tastatura.jpg\"><img loading=\"lazy\" decoding=\"async\" class=\"aligncenter size-large wp-image-1950\" alt=\"Sony VAIO E 15 tastatura\" src=\"http:\/\/www.plagosus.net\/blog\/wp-content\/uploads\/2013\/01\/sony-vaio-e-15-tastatura-640x428.jpg\" width=\"640\" height=\"428\" \/><\/a><\/p>\n<p style=\"text-align: justify;\">Interesantno je da ovaj laptop ima punu tastaturu sa numeri\u010dkim delom sa desne strane, a \u010dak su i navigacioni (gore, dole, levo, desno) tasteri odvojeni od ostatka alfanumeri\u010dke tastature. Ovo zna da bude zgodno ako ste navikli na unos brojeva uz pomo\u0107 numeri\u010dke tastature, ali zato cela tastarura deluje pomalo usitnjeno (u odnosu na druge laptopove iste dijagonale, bez numeri\u010dkog dela). No na ovo se brzo navikava, jer je tastatura zaista kvalitetna.<\/p>\n<p style=\"text-align: justify;\">Posebno korisna stvar, koju moram posebno da naglasim je pozadinsko osvetljenje tastature uz pomo\u0107 koga \u010dak ni mrak ne predstavlja nikakav problem u kori\u0161\u0107enju ovog interesantnog laptopa.<\/p>\n<p style=\"text-align: justify;\"><a href=\"http:\/\/instagram.com\/p\/SRxNYBxBWd\/\"><img loading=\"lazy\" decoding=\"async\" class=\"aligncenter size-full wp-image-1949\" alt=\"VAIO keyboard backlight\" src=\"http:\/\/www.plagosus.net\/blog\/wp-content\/uploads\/2013\/01\/vaio-backlight-keyboard.jpg\" width=\"640\" height=\"640\" srcset=\"https:\/\/www.plagosus.net\/blog\/wp-content\/uploads\/2013\/01\/vaio-backlight-keyboard.jpg 640w, https:\/\/www.plagosus.net\/blog\/wp-content\/uploads\/2013\/01\/vaio-backlight-keyboard-300x300.jpg 300w\" sizes=\"(max-width: 640px) 100vw, 640px\" \/><\/a><\/p>\n<h2>Prvi utisci i ose\u0107aj pod ruku<\/h2>\n<p style=\"text-align: justify;\">VAIO je uvek va\u017eio za mo\u0107ne i skuplje ma\u0161ine, a navedena konfiguracija u kombinaciji sa <a title=\"Windows 8 kao desktop OS \u2013 prvi utisci\" href=\"http:\/\/www.plagosus.net\/blog\/tech\/software\/windows-8-kao-desktop-os-prvi-utisci\/\"><strong>Windows 8<\/strong><\/a> operativnim sistemom garantuje udoban rad. Me\u0111utim, ja sam veliki sitni\u010dar i sve sitnice koje nisu kako treba mi u\u017easno bodu o\u010di.<\/p>\n<p style=\"text-align: justify;\">Sama plastika od koje je napravljen spoljni deo laptopa je kvalitetna, ali mi zavr\u0161na obrada ostavlja utisak jeftino\u0107e. Ivice su o\u0161tre, \u0161to se osti svaki put kada prstom pre\u0111ete preko iste. Razumem ja da je E serija pristupa\u010dnija i za one sa jeftinijom ulaznicom u VAIO svet, ali ipak, od laptopa tog cenovnog ranga, o\u010dekivao sam ve\u0107u posve\u0107enost detaljima.<\/p>\n<p style=\"text-align: justify;\">Mo\u017eda bih te o\u0161tre ivice nekako i progutao (zatupe se valjda vremenom, od kori\u0161\u0107enja) ali sam onda spazio jo\u0161 (nebitnih) sitnica koje su mi zape\u010datirale takav prvi utisak. Ajd \u0161to su \u010do\u0161kovi o\u0161tri, ali su \u010dak i nalepnice &#8220;<em>Intel Core i3<\/em>&#8221; i &#8220;<em>AMD Radeon<\/em>&#8221; bile zalepljene krivo. A ni slot za memorijske kartice nije imao plasti\u010dnu patronu ve\u0107 se vidi rupa unutra&#8230;<\/p>\n<h2 style=\"text-align: justify;\">Windows 8 i ostale aplikacije<\/h2>\n<p style=\"text-align: justify;\">O prvim <a title=\"Windows 8 kao desktop OS \u2013 prvi utisci\" href=\"http:\/\/www.plagosus.net\/blog\/tech\/software\/windows-8-kao-desktop-os-prvi-utisci\/\">utiscima u radu sa Windows 8<\/a> operativnim sistemom sam ve\u0107 pisao, pa i dalje stoji sve \u0161to je tamo re\u010deno. Jedino \u0161to mogu da dodam je da veliki multitouch touchpad sa ugra\u0111enim komandama gestikulacijom prstima malo popravlja utisak, ali i dalje mislim da bez ekrana osetljivog na dodir, <em>Metro interfejs<\/em> predstavlja samo vizuelnu zanimaciju.<\/p>\n<p style=\"text-align: justify;\">Od dodano instaliranih aplikacija valja napomenuti <em>VAIO<\/em> dodatni korisni\u010dki softver, kao i <em>Synaptic Pointing Device<\/em>\u00a0alate za detaljno pode\u0161avanje\u00a0tuchpada. Na sve\u017eoj instalaciji Windowsa, zatekao sam i neaktivirani\u00a0<em>Microsoft Office 2010<\/em>, kao i multimedijalne alate: <em>CyberLink PowerDVD<\/em> i <em>Power2Go 8<\/em>.<\/p>\n<p style=\"text-align: justify;\">Performanse sistema su na zavidnom nivou i ceo ra\u010dunar radi glatko i bez ikakvih trzavica, \u0161to se od ovakve konfiguracije i o\u010dekivalo. Kada se jednom upustite u rad na ovom laptopu, zaboravi\u0107ete sve eventualne nedostatke, a vremenom \u0107ete se zaljubiti u sve njegove vrline. Odli\u010dan ekran, super zvu\u010dnici omogu\u0107i \u0107e vam u\u017eivanje u HD filmovima, \u010dak i ako se preko HDMI-ja ne spajate na svoju ku\u0107nu plazmu.<\/p>\n<p style=\"text-align: justify;\"><a href=\"http:\/\/www.plagosus.net\/blog\/tech\/hardware\/sony-vaio-e-series-laptop-koji-svetli-u-mraku\/attachment\/vaio-hdd-benchmark\/\" rel=\"attachment wp-att-1954\"><img loading=\"lazy\" decoding=\"async\" class=\"aligncenter size-large wp-image-1954\" alt=\"VAIO HDD Benchmark\" src=\"http:\/\/www.plagosus.net\/blog\/wp-content\/uploads\/2013\/01\/vaio-hdd-benchmark-640x469.png\" width=\"640\" height=\"469\" srcset=\"https:\/\/www.plagosus.net\/blog\/wp-content\/uploads\/2013\/01\/vaio-hdd-benchmark-640x469.png 640w, https:\/\/www.plagosus.net\/blog\/wp-content\/uploads\/2013\/01\/vaio-hdd-benchmark-300x220.png 300w, https:\/\/www.plagosus.net\/blog\/wp-content\/uploads\/2013\/01\/vaio-hdd-benchmark-768x563.png 768w, https:\/\/www.plagosus.net\/blog\/wp-content\/uploads\/2013\/01\/vaio-hdd-benchmark.png 798w\" sizes=\"(max-width: 640px) 100vw, 640px\" \/><\/a><\/p>\n<p style=\"text-align: justify;\">Neke od specifi\u010dnosti ovog laptapa koje vas mogu pridobiti da upravo on bude va\u0161 novi ljubimac, mo\u017eda su i mogu\u0107nost dopune mobilnog telefona preko USB porta, \u010dak i kada je ra\u010dunar u stanju mirovanja ili \u010dak i potpuno isklju\u010den. Druga jako korisna novina je &#8216;<em>Rapid Wake<\/em>&#8216; tehnologija koja omogu\u0107ava da se ra\u010dunar iz stanja mirovanja (u koje ulazi kada spustite ekran i u kojoj tro\u0161i jako malo energije, a \u010duva sve podatke sa kojima trenutno radite) do potpuno funckionalnog okru\u017eenja budi za samo nekoliko sekundi.<\/p>\n<p style=\"text-align: justify;\">Ovo je bukvalno tako. Samo sklopite ra\u010dunar i tako sklopljen mo\u017ee stajati danima, onda ga otvorite i za svega par sekundi je potpuno spreman za rad, pa mo\u017eete nastaviti tamo gde ste stali. Ovo je izuzetno korisna opcija, posebno ako ra\u010dunar koristite u poslovne svrhe.<\/p>\n<h2>Op\u0161ti utisak&#8230;<\/h2>\n<p style=\"text-align: justify;\">Na kraju dana, kada sagledate sve vrline i mane, VAIO ipak dobija status dobrog momka i odli\u010dnog poslovnog prenosnog ra\u010dunara. Iako mo\u017eda deluje krhko i slaba\u0161no, unutra je sasvim odli\u010dna ma\u0161ina koja se bez trzavica bori sa svakodnevnim zadacima. Tako\u0111e, mo\u017eete ga uhvatiti za \u0107o\u0161ak jednom rukom i preneti sa stola na sto bez da imate ose\u0107aj da \u0107e ispasti ili se prelomiti pod sopstvenom te\u017einom&#8230; \u0161to je, bar ja, o\u010dekujem od jednog poslovnog laptopa.<\/p>\n<p style=\"text-align: justify;\">Ako se uklapate u bu\u017eet, dvratite do nekog od Sony-jevih predstavni\u0161tava i probajte i sami ovog lepotana, a tu mo\u017eete saznati detaljnije informacije i o eventualnoj svervisnoj mre\u017ei i ostalim detaljima koje bi mogle biti od koristi. Kao i u godinama do sada, VAIO vas ne\u0107e izneveriti&#8230;<\/p>\n<p style=\"text-align: justify;\"><a href=\"http:\/\/www.plagosus.net\/blog\/wp-content\/uploads\/2013\/01\/sony-vaio-e-15-crni.jpg\"><img loading=\"lazy\" decoding=\"async\" class=\"aligncenter size-large wp-image-1953\" alt=\"Sony VAIO E 15 crni\" src=\"http:\/\/www.plagosus.net\/blog\/wp-content\/uploads\/2013\/01\/sony-vaio-e-15-crni-640x575.jpg\" width=\"640\" height=\"575\" srcset=\"https:\/\/www.plagosus.net\/blog\/wp-content\/uploads\/2013\/01\/sony-vaio-e-15-crni-640x575.jpg 640w, https:\/\/www.plagosus.net\/blog\/wp-content\/uploads\/2013\/01\/sony-vaio-e-15-crni-300x270.jpg 300w, https:\/\/www.plagosus.net\/blog\/wp-content\/uploads\/2013\/01\/sony-vaio-e-15-crni-768x690.jpg 768w, https:\/\/www.plagosus.net\/blog\/wp-content\/uploads\/2013\/01\/sony-vaio-e-15-crni.jpg 800w\" sizes=\"(max-width: 640px) 100vw, 640px\" \/><\/a><\/p>\n<p style=\"text-align: justify;\">\n","protected":false},"excerpt":{"rendered":"<p>Pregled specifikacija i utisci posle kori\u0161\u0107enja Sony VAIO laptopa iz nove E Serije&#8230;<\/p>\n","protected":false},"author":2,"featured_media":1949,"comment_status":"open","ping_status":"open","sticky":false,"template":"","format":"standard","meta":{"footnotes":""},"categories":[82],"tags":[50,230],"aioseo_notices":[],"_links":{"self":[{"href":"https:\/\/www.plagosus.net\/blog\/wp-json\/wp\/v2\/posts\/1946"}],"collection":[{"href":"https:\/\/www.plagosus.net\/blog\/wp-json\/wp\/v2\/posts"}],"about":[{"href":"https:\/\/www.plagosus.net\/blog\/wp-json\/wp\/v2\/types\/post"}],"author":[{"embeddable":true,"href":"https:\/\/www.plagosus.net\/blog\/wp-json\/wp\/v2\/users\/2"}],"replies":[{"embeddable":true,"href":"https:\/\/www.plagosus.net\/blog\/wp-json\/wp\/v2\/comments?post=1946"}],"version-history":[{"count":0,"href":"https:\/\/www.plagosus.net\/blog\/wp-json\/wp\/v2\/posts\/1946\/revisions"}],"wp:featuredmedia":[{"embeddable":true,"href":"https:\/\/www.plagosus.net\/blog\/wp-json\/wp\/v2\/media\/1949"}],"wp:attachment":[{"href":"https:\/\/www.plagosus.net\/blog\/wp-json\/wp\/v2\/media?parent=1946"}],"wp:term":[{"taxonomy":"category","embeddable":true,"href":"https:\/\/www.plagosus.net\/blog\/wp-json\/wp\/v2\/categories?post=1946"},{"taxonomy":"post_tag","embeddable":true,"href":"https:\/\/www.plagosus.net\/blog\/wp-json\/wp\/v2\/tags?post=1946"}],"curies":[{"name":"wp","href":"https:\/\/api.w.org\/{rel}","templated":true}]}}