{"id":259,"date":"2009-03-06T01:56:51","date_gmt":"2009-03-06T00:56:51","guid":{"rendered":"http:\/\/www.plagosus.net\/blog\/?p=259"},"modified":"2012-08-18T02:27:16","modified_gmt":"2012-08-18T01:27:16","slug":"matematicki-praznici-dan-kvadratnog-korenadan-broja-pi","status":"publish","type":"post","link":"https:\/\/www.plagosus.net\/blog\/life\/events\/matematicki-praznici-dan-kvadratnog-korenadan-broja-pi\/","title":{"rendered":"Matemati\u010dki praznici &#8211; Dan kvadratnog korena\/Dan broja Pi"},"content":{"rendered":"<p style=\"text-align: justify;\"><a href=\"http:\/\/xkcd.com\/179\/\" target=\"_blank\"><img loading=\"lazy\" decoding=\"async\" class=\"alignright size-full wp-image-262\" style=\"margin-left: 10px; margin-right: 10px;\" title=\"e to the pi times i\" src=\"http:\/\/www.plagosus.net\/blog\/wp-content\/uploads\/2009\/03\/e_to_the_pi_times_i.png\" alt=\"e to the pi times i\" width=\"240\" height=\"289\" srcset=\"https:\/\/www.plagosus.net\/blog\/wp-content\/uploads\/2009\/03\/e_to_the_pi_times_i.png 400w, https:\/\/www.plagosus.net\/blog\/wp-content\/uploads\/2009\/03\/e_to_the_pi_times_i-249x300.png 249w\" sizes=\"(max-width: 240px) 100vw, 240px\" \/><\/a>Kako u svetu nema toliko \u010destih verskih i nacionalnih praznika kao kod nas u Srbiji, ljudi su primorani da izmi\u0161ljaju ve\u0161ta\u010dke. Me\u0111u njima su i oni matamati\u010dki praznici gde spadaju i <a href=\"http:\/\/en.wikipedia.org\/wiki\/Square_root_day\" target=\"_blank\">Dan kvadratnog korena<\/a> i <a href=\"http:\/\/en.wikipedia.org\/wiki\/Pi_Day\" target=\"_blank\">Dan broja Pi<\/a>. Ove godine se poklopilo da su oba po\u010detkom marta, a kako je jedan pro\u0161ao, ostalo je da sa\u010dekate drugi ukoliko \u017eelite da ga proslavite.<\/p>\n<h3 style=\"text-align: justify;\">Dan kvadratog korena<\/h3>\n<p style=\"text-align: justify;\">Ovaj praznik se slavi kada se poklopi da su i dan u mesecu i sam mesec kvadratni koren poslednje dve cifre u godini. Na primer, poslednji Dan kvadratnog korena bio je 3. marta (03.03.09.) a slede\u0107i \u0107e biti za sedam godina i to 4. aprila (04.04.16.). Kako se ovaj praznik praznikuje po modulu 100 od broja godine, svakog veka se pada na isti dan svih devet puta tokom jedne dekade. Oni koji proslavljaju ovaj praznik, tog dana obi\u010dno jedu samo jela od korenastog povr\u0107a koje je ise\u010deno u oblike sa kvadratnim presekom. Ako nemate ideju kako sve to izgleda, verujte mi da niste jedini \ud83d\ude42<\/p>\n<h3 style=\"text-align: justify;\">Dan broja Pi (<strong>\u03c0<\/strong>)<\/h3>\n<p style=\"text-align: justify;\">Za razliku od prethodnog praznika, <a href=\"http:\/\/pi.ytmnd.com\/\" target=\"_blank\">broj Pi<\/a> ima svoju zimsku i letnju slavu. Zimska se slavi 14. marta (npr. 2009.3.14.) i predstavlja zaokru\u017eivanje broja Pi na dve decimale, dok letnja proslava ustvari predstavlja aproksimaciju ove konstante u vidu razlomka 22\/7 i slavi se 22. jula (npr. 22\/7\/2009). Kako se u kalkulaciju ovog praznika ne uzima u obzir godina, praznikuje se svake godine. Neki idu toliko daleko da izdvajaju i <em>Pi minut<\/em> (03.14. u 1:59) kao i Pi sekundu (03.14. u 1:59:26) \u0161to predstavlja broj Pi zaokru\u017een na odre\u0111eni broj decimala. Na ovaj dan se jedu okrugli kola\u010di, vo\u0107ne pite, torte i sve ostalo \u0161to vam padne na pamet a ima veze sa krugom \ud83d\ude09<\/p>\n<p style=\"text-align: justify;\">Zanimljivo je da je <a href=\"http:\/\/sr.wikipedia.org\/wiki\/%D0%90%D0%BB%D0%B1%D0%B5%D1%80%D1%82_%D0%90%D1%98%D0%BD%D1%88%D1%82%D0%B0%D1%98%D0%BD\" target=\"_blank\">Albert Ajn\u0161tajn<\/a> ro\u0111en 1879. godine na Dan broja Pi.<\/p>\n","protected":false},"excerpt":{"rendered":"<p>Kako u svetu nema toliko \u010destih verskih i nacionalnih praznika kao kod nas u Srbiji, ljudi su primorani da izmi\u0161ljaju&#8230;<\/p>\n","protected":false},"author":2,"featured_media":262,"comment_status":"open","ping_status":"open","sticky":false,"template":"","format":"standard","meta":{"footnotes":""},"categories":[145],"tags":[33,34],"aioseo_notices":[],"_links":{"self":[{"href":"https:\/\/www.plagosus.net\/blog\/wp-json\/wp\/v2\/posts\/259"}],"collection":[{"href":"https:\/\/www.plagosus.net\/blog\/wp-json\/wp\/v2\/posts"}],"about":[{"href":"https:\/\/www.plagosus.net\/blog\/wp-json\/wp\/v2\/types\/post"}],"author":[{"embeddable":true,"href":"https:\/\/www.plagosus.net\/blog\/wp-json\/wp\/v2\/users\/2"}],"replies":[{"embeddable":true,"href":"https:\/\/www.plagosus.net\/blog\/wp-json\/wp\/v2\/comments?post=259"}],"version-history":[{"count":0,"href":"https:\/\/www.plagosus.net\/blog\/wp-json\/wp\/v2\/posts\/259\/revisions"}],"wp:featuredmedia":[{"embeddable":true,"href":"https:\/\/www.plagosus.net\/blog\/wp-json\/wp\/v2\/media\/262"}],"wp:attachment":[{"href":"https:\/\/www.plagosus.net\/blog\/wp-json\/wp\/v2\/media?parent=259"}],"wp:term":[{"taxonomy":"category","embeddable":true,"href":"https:\/\/www.plagosus.net\/blog\/wp-json\/wp\/v2\/categories?post=259"},{"taxonomy":"post_tag","embeddable":true,"href":"https:\/\/www.plagosus.net\/blog\/wp-json\/wp\/v2\/tags?post=259"}],"curies":[{"name":"wp","href":"https:\/\/api.w.org\/{rel}","templated":true}]}}